{"id":48771,"date":"2021-10-20T01:22:35","date_gmt":"2021-10-20T05:22:35","guid":{"rendered":""},"modified":"2021-10-20T01:22:35","modified_gmt":"2021-10-20T01:22:35","slug":"mises-jour-en-droit-de-la-famille-0","status":"publish","type":"post","link":"https:\/\/www.cleo.on.ca\/fr\/nouveautes\/mises-jour-en-droit-de-la-famille-0","title":{"rendered":"Mises \u00e0 jour en droit de la famille"},"content":{"rendered":"<p>Les contenus de <a href=\"https:\/\/stepstojustice.ca\/fr\/\">Justice pas-\u00e0-pas<\/a> en droit de la famille, les <a href=\"https:\/\/stepstojustice.ca\/fr\/guided-pathways\/droit-famille\/\">parcours guid\u00e9s de CLEO<\/a> et les <a href=\"https:\/\/familycourt.cleo.on.ca\/fr\/a-propos-de-ces-organigrammes\">\u00e9tapes d&rsquo;une affaire en droit de la famille<\/a> ont \u00e9t\u00e9 mis \u00e0 jour pour int\u00e9grer les changements qui sont entr\u00e9s en vigueur le 1er ao\u00fbt 2021. Les modifications permettent aux juges de combiner la conf\u00e9rence relative \u00e0 la cause et la conf\u00e9rence en vue d&rsquo;un r\u00e8glement amiable si les partenaires qui se s\u00e9parent ont tent\u00e9 la m\u00e9diation familiale et remplissent d&rsquo;autres conditions.<\/p>\n<p>L&rsquo;infolettre On the Radar de ce mois-ci (parution cette semaine) fournira plus d&rsquo;informations sur ces changements.<\/p>\n","protected":false},"excerpt":{"rendered":"<p>Les contenus de <a href=\"https:\/\/stepstojustice.ca\/fr\/\">Justice pas-\u00e0-pas<\/a> en droit de la famille, les <a href=\"https:\/\/stepstojustice.ca\/fr\/guided-pathways\/droit-famille\/\">parcours guid\u00e9s de CLEO<\/a> et les <a href=\"https:\/\/familycourt.cleo.on.ca\/fr\/a-propos-de-ces-organigrammes\">\u00e9tapes d&rsquo;une affaire en droit de la famille<\/a> ont \u00e9t\u00e9 mis \u00e0 jour pour int\u00e9grer les changements qui sont entr\u00e9s en vigueur le 1er ao\u00fbt 2021. Les modifications permettent aux juges de combiner la conf\u00e9rence relative \u00e0 la cause et la conf\u00e9rence en vue d&rsquo;un r\u00e8glement amiable si les partenaires qui se s\u00e9parent ont tent\u00e9 la m\u00e9diation familiale et remplissent d&rsquo;autres conditions.<\/p>\n","protected":false},"author":3,"featured_media":0,"comment_status":"open","ping_status":"open","sticky":false,"template":"","format":"standard","meta":{"ub_ctt_via":"","inline_featured_image":false,"footnotes":""},"categories":[1247],"tags":[],"class_list":["post-48771","post","type-post","status-publish","format-standard","hentry","category-latest-updates"],"featured_image_src":null,"author_info":{"display_name":"Cam Turnbull","author_link":"https:\/\/www.cleo.on.ca\/fr\/author\/turnbullco2"},"yoast_head":"<!-- This site is optimized with the Yoast SEO plugin v25.2 - https:\/\/yoast.com\/wordpress\/plugins\/seo\/ -->\n<title>Mises \u00e0 jour en droit de la famille - CLEO (Community Legal Education Ontario \/ \u00c9ducation juridique communautaire Ontario)<\/title>\n<meta name=\"robots\" content=\"index, follow, max-snippet:-1, max-image-preview:large, max-video-preview:-1\" \/>\n<link rel=\"canonical\" href=\"https:\/\/www.cleo.on.ca\/fr\/nouveautes\/mises-jour-en-droit-de-la-famille-0\" \/>\n<meta property=\"og:locale\" content=\"fr_FR\" \/>\n<meta property=\"og:type\" content=\"article\" \/>\n<meta property=\"og:title\" content=\"Mises \u00e0 jour en droit de la famille - CLEO (Community Legal Education Ontario \/ \u00c9ducation juridique communautaire Ontario)\" \/>\n<meta property=\"og:description\" content=\"Les contenus de Justice pas-\u00e0-pas en droit de la famille, les parcours guid\u00e9s de CLEO et les \u00e9tapes d&rsquo;une affaire en droit de la famille ont \u00e9t\u00e9 mis \u00e0 jour pour int\u00e9grer les changements qui sont entr\u00e9s en vigueur le 1er ao\u00fbt 2021. Les modifications permettent aux juges de combiner la conf\u00e9rence relative \u00e0 la cause et la conf\u00e9rence en vue d&rsquo;un r\u00e8glement amiable si les partenaires qui se s\u00e9parent ont tent\u00e9 la m\u00e9diation familiale et remplissent d&rsquo;autres conditions.\" \/>\n<meta property=\"og:url\" content=\"https:\/\/www.cleo.on.ca\/fr\/nouveautes\/mises-jour-en-droit-de-la-famille-0\" \/>\n<meta property=\"og:site_name\" content=\"CLEO (Community Legal Education Ontario \/ \u00c9ducation juridique communautaire Ontario)\" \/>\n<meta property=\"article:published_time\" content=\"-0001-11-30T00:00:00+00:00\" \/>\n<meta property=\"article:modified_time\" content=\"2021-10-20T01:22:35+00:00\" \/>\n<meta name=\"author\" content=\"Cam Turnbull\" \/>\n<meta name=\"twitter:card\" content=\"summary_large_image\" \/>\n<meta name=\"twitter:label1\" content=\"\u00c9crit par\" \/>\n\t<meta name=\"twitter:data1\" content=\"Cam Turnbull\" \/>\n\t<meta name=\"twitter:label2\" content=\"Dur\u00e9e de lecture estim\u00e9e\" \/>\n\t<meta name=\"twitter:data2\" content=\"1 minute\" \/>\n<script type=\"application\/ld+json\" class=\"yoast-schema-graph\">{\"@context\":\"https:\/\/schema.org\",\"@graph\":[{\"@type\":\"WebPage\",\"@id\":\"https:\/\/www.cleo.on.ca\/fr\/nouveautes\/mises-jour-en-droit-de-la-famille-0\",\"url\":\"https:\/\/www.cleo.on.ca\/fr\/nouveautes\/mises-jour-en-droit-de-la-famille-0\",\"name\":\"Mises \u00e0 jour en droit de la famille - CLEO (Community Legal Education Ontario \/ \u00c9ducation juridique communautaire Ontario)\",\"isPartOf\":{\"@id\":\"https:\/\/www.cleo.on.ca\/fr#website\"},\"datePublished\":\"-0001-11-30T00:00:00+00:00\",\"dateModified\":\"2021-10-20T01:22:35+00:00\",\"author\":{\"@id\":\"https:\/\/www.cleo.on.ca\/fr#\/schema\/person\/0010deca46134736536b77f20a00421b\"},\"breadcrumb\":{\"@id\":\"https:\/\/www.cleo.on.ca\/fr\/nouveautes\/mises-jour-en-droit-de-la-famille-0#breadcrumb\"},\"inLanguage\":\"fr-FR\",\"potentialAction\":[{\"@type\":\"ReadAction\",\"target\":[\"https:\/\/www.cleo.on.ca\/fr\/nouveautes\/mises-jour-en-droit-de-la-famille-0\"]}]},{\"@type\":\"BreadcrumbList\",\"@id\":\"https:\/\/www.cleo.on.ca\/fr\/nouveautes\/mises-jour-en-droit-de-la-famille-0#breadcrumb\",\"itemListElement\":[{\"@type\":\"ListItem\",\"position\":1,\"name\":\"Home\",\"item\":\"https:\/\/www.cleo.on.ca\/fr\/accueil-2\"},{\"@type\":\"ListItem\",\"position\":2,\"name\":\"Mises \u00e0 jour en droit de la famille\"}]},{\"@type\":\"WebSite\",\"@id\":\"https:\/\/www.cleo.on.ca\/fr#website\",\"url\":\"https:\/\/www.cleo.on.ca\/fr\",\"name\":\"CLEO (Community Legal Education Ontario \/ \u00c9ducation juridique communautaire Ontario)\",\"description\":\"\",\"potentialAction\":[{\"@type\":\"SearchAction\",\"target\":{\"@type\":\"EntryPoint\",\"urlTemplate\":\"https:\/\/www.cleo.on.ca\/fr?s={search_term_string}\"},\"query-input\":{\"@type\":\"PropertyValueSpecification\",\"valueRequired\":true,\"valueName\":\"search_term_string\"}}],\"inLanguage\":\"fr-FR\"},{\"@type\":\"Person\",\"@id\":\"https:\/\/www.cleo.on.ca\/fr#\/schema\/person\/0010deca46134736536b77f20a00421b\",\"name\":\"Cam Turnbull\",\"sameAs\":[\"http:\/\/www.turnbull.co\"]}]}<\/script>\n<!-- \/ Yoast SEO plugin. -->","yoast_head_json":{"title":"Mises \u00e0 jour en droit de la famille - CLEO (Community Legal Education Ontario \/ \u00c9ducation juridique communautaire Ontario)","robots":{"index":"index","follow":"follow","max-snippet":"max-snippet:-1","max-image-preview":"max-image-preview:large","max-video-preview":"max-video-preview:-1"},"canonical":"https:\/\/www.cleo.on.ca\/fr\/nouveautes\/mises-jour-en-droit-de-la-famille-0","og_locale":"fr_FR","og_type":"article","og_title":"Mises \u00e0 jour en droit de la famille - CLEO (Community Legal Education Ontario \/ \u00c9ducation juridique communautaire Ontario)","og_description":"Les contenus de Justice pas-\u00e0-pas en droit de la famille, les parcours guid\u00e9s de CLEO et les \u00e9tapes d&rsquo;une affaire en droit de la famille ont \u00e9t\u00e9 mis \u00e0 jour pour int\u00e9grer les changements qui sont entr\u00e9s en vigueur le 1er ao\u00fbt 2021. Les modifications permettent aux juges de combiner la conf\u00e9rence relative \u00e0 la cause et la conf\u00e9rence en vue d&rsquo;un r\u00e8glement amiable si les partenaires qui se s\u00e9parent ont tent\u00e9 la m\u00e9diation familiale et remplissent d&rsquo;autres conditions.","og_url":"https:\/\/www.cleo.on.ca\/fr\/nouveautes\/mises-jour-en-droit-de-la-famille-0","og_site_name":"CLEO (Community Legal Education Ontario \/ \u00c9ducation juridique communautaire Ontario)","article_published_time":"-0001-11-30T00:00:00+00:00","article_modified_time":"2021-10-20T01:22:35+00:00","author":"Cam Turnbull","twitter_card":"summary_large_image","twitter_misc":{"\u00c9crit par":"Cam Turnbull","Dur\u00e9e de lecture estim\u00e9e":"1 minute"},"schema":{"@context":"https:\/\/schema.org","@graph":[{"@type":"WebPage","@id":"https:\/\/www.cleo.on.ca\/fr\/nouveautes\/mises-jour-en-droit-de-la-famille-0","url":"https:\/\/www.cleo.on.ca\/fr\/nouveautes\/mises-jour-en-droit-de-la-famille-0","name":"Mises \u00e0 jour en droit de la famille - CLEO (Community Legal Education Ontario \/ \u00c9ducation juridique communautaire Ontario)","isPartOf":{"@id":"https:\/\/www.cleo.on.ca\/fr#website"},"datePublished":"-0001-11-30T00:00:00+00:00","dateModified":"2021-10-20T01:22:35+00:00","author":{"@id":"https:\/\/www.cleo.on.ca\/fr#\/schema\/person\/0010deca46134736536b77f20a00421b"},"breadcrumb":{"@id":"https:\/\/www.cleo.on.ca\/fr\/nouveautes\/mises-jour-en-droit-de-la-famille-0#breadcrumb"},"inLanguage":"fr-FR","potentialAction":[{"@type":"ReadAction","target":["https:\/\/www.cleo.on.ca\/fr\/nouveautes\/mises-jour-en-droit-de-la-famille-0"]}]},{"@type":"BreadcrumbList","@id":"https:\/\/www.cleo.on.ca\/fr\/nouveautes\/mises-jour-en-droit-de-la-famille-0#breadcrumb","itemListElement":[{"@type":"ListItem","position":1,"name":"Home","item":"https:\/\/www.cleo.on.ca\/fr\/accueil-2"},{"@type":"ListItem","position":2,"name":"Mises \u00e0 jour en droit de la famille"}]},{"@type":"WebSite","@id":"https:\/\/www.cleo.on.ca\/fr#website","url":"https:\/\/www.cleo.on.ca\/fr","name":"CLEO (Community Legal Education Ontario \/ \u00c9ducation juridique communautaire Ontario)","description":"","potentialAction":[{"@type":"SearchAction","target":{"@type":"EntryPoint","urlTemplate":"https:\/\/www.cleo.on.ca\/fr?s={search_term_string}"},"query-input":{"@type":"PropertyValueSpecification","valueRequired":true,"valueName":"search_term_string"}}],"inLanguage":"fr-FR"},{"@type":"Person","@id":"https:\/\/www.cleo.on.ca\/fr#\/schema\/person\/0010deca46134736536b77f20a00421b","name":"Cam Turnbull","sameAs":["http:\/\/www.turnbull.co"]}]}},"meta_box":{"blog_image_type":"","external_url":"","do_not_show_on_homepage":""},"_links":{"self":[{"href":"https:\/\/www.cleo.on.ca\/fr\/wp-json\/wp\/v2\/post\/48771","targetHints":{"allow":["GET"]}}],"collection":[{"href":"https:\/\/www.cleo.on.ca\/fr\/wp-json\/wp\/v2\/post"}],"about":[{"href":"https:\/\/www.cleo.on.ca\/fr\/wp-json\/wp\/v2\/types\/post"}],"author":[{"embeddable":true,"href":"https:\/\/www.cleo.on.ca\/fr\/wp-json\/wp\/v2\/users\/3"}],"replies":[{"embeddable":true,"href":"https:\/\/www.cleo.on.ca\/fr\/wp-json\/wp\/v2\/comments?post=48771"}],"version-history":[{"count":0,"href":"https:\/\/www.cleo.on.ca\/fr\/wp-json\/wp\/v2\/post\/48771\/revisions"}],"wp:attachment":[{"href":"https:\/\/www.cleo.on.ca\/fr\/wp-json\/wp\/v2\/media?parent=48771"}],"wp:term":[{"taxonomy":"category","embeddable":true,"href":"https:\/\/www.cleo.on.ca\/fr\/wp-json\/wp\/v2\/categories?post=48771"},{"taxonomy":"post_tag","embeddable":true,"href":"https:\/\/www.cleo.on.ca\/fr\/wp-json\/wp\/v2\/tags?post=48771"}],"curies":[{"name":"wp","href":"https:\/\/api.w.org\/{rel}","templated":true}]}}