{"id":48841,"date":"2021-02-02T22:31:53","date_gmt":"2021-02-03T03:31:53","guid":{"rendered":""},"modified":"2021-02-02T22:31:53","modified_gmt":"2021-02-02T22:31:53","slug":"nouveaux-renseignements-sur-le-droit-de-la-sante-mentale","status":"publish","type":"post","link":"https:\/\/www.cleo.on.ca\/fr\/nouveautes\/nouveaux-renseignements-sur-le-droit-de-la-sante-mentale","title":{"rendered":"Nouveaux renseignements sur le droit de la sant\u00e9 mentale"},"content":{"rendered":"<p>Justice pas-\u00e0-pas propose un nouveau contenu sur le <a href=\"https:\/\/stepstojustice.ca\/fr\/legal-topic\/health-and-disability\/mental-health\" target=\"_blank\">droit relatif \u00e0<br \/>\nla sant\u00e9 mentale<\/a>, y compris des renseignements relatifs au droit d&rsquo;une personne malade de :<\/p>\n<ul>\n<li>consulter et de prot\u00e9ger les informations contenues dans son dossier m\u00e9dical;<\/li>\n<li>d\u00e9cider si elle veut recevoir des soins;<\/li>\n<li>quitter un \u00e9tablissement psychiatrique;<\/li>\n<li>recevoir les soins \u00e0 domicile.<\/li>\n<\/ul>\n<p>Il y a aussi des renseignements sur ce qu&rsquo;une personne peut faire si elle s&rsquo;inqui\u00e8te pour la sant\u00e9<br \/>\nmentale d&rsquo;un \u00eatre cher.<\/p>\n","protected":false},"excerpt":{"rendered":"<p>Justice pas-\u00e0-pas propose un nouveau contenu sur le <a href=\"https:\/\/stepstojustice.ca\/fr\/legal-topic\/health-and-disability\/mental-health\" target=\"_blank\">droit relatif \u00e0<br \/>\nla sant\u00e9 mentale<\/a>, y compris des renseignements relatifs au droit d&rsquo;une personne malade de :<\/p>\n<p>consulter et de prot\u00e9ger les informations contenues dans son dossier m\u00e9dical;<br \/>\nd\u00e9cider si elle veut recevoir des soins;<br \/>\nquitter un \u00e9tablissement psychiatrique;<\/p>\n","protected":false},"author":3,"featured_media":0,"comment_status":"open","ping_status":"open","sticky":false,"template":"","format":"standard","meta":{"ub_ctt_via":"","inline_featured_image":false,"footnotes":""},"categories":[1247],"tags":[],"class_list":["post-48841","post","type-post","status-publish","format-standard","hentry","category-latest-updates"],"featured_image_src":null,"author_info":{"display_name":"Cam Turnbull","author_link":"https:\/\/www.cleo.on.ca\/fr\/author\/turnbullco2"},"yoast_head":"<!-- This site is optimized with the Yoast SEO plugin v25.2 - https:\/\/yoast.com\/wordpress\/plugins\/seo\/ -->\n<title>Nouveaux renseignements sur le droit de la sant\u00e9 mentale - CLEO (Community Legal Education Ontario \/ \u00c9ducation juridique communautaire Ontario)<\/title>\n<meta name=\"robots\" content=\"index, follow, max-snippet:-1, max-image-preview:large, max-video-preview:-1\" \/>\n<link rel=\"canonical\" href=\"https:\/\/www.cleo.on.ca\/fr\/nouveautes\/nouveaux-renseignements-sur-le-droit-de-la-sante-mentale\" \/>\n<meta property=\"og:locale\" content=\"fr_FR\" \/>\n<meta property=\"og:type\" content=\"article\" \/>\n<meta property=\"og:title\" content=\"Nouveaux renseignements sur le droit de la sant\u00e9 mentale - CLEO (Community Legal Education Ontario \/ \u00c9ducation juridique communautaire Ontario)\" \/>\n<meta property=\"og:description\" content=\"Justice pas-\u00e0-pas propose un nouveau contenu sur le droit relatif \u00e0 la sant\u00e9 mentale, y compris des renseignements relatifs au droit d&rsquo;une personne malade de : consulter et de prot\u00e9ger les informations contenues dans son dossier m\u00e9dical; d\u00e9cider si elle veut recevoir des soins; quitter un \u00e9tablissement psychiatrique;\" \/>\n<meta property=\"og:url\" content=\"https:\/\/www.cleo.on.ca\/fr\/nouveautes\/nouveaux-renseignements-sur-le-droit-de-la-sante-mentale\" \/>\n<meta property=\"og:site_name\" content=\"CLEO (Community Legal Education Ontario \/ \u00c9ducation juridique communautaire Ontario)\" \/>\n<meta property=\"article:published_time\" content=\"-0001-11-30T00:00:00+00:00\" \/>\n<meta property=\"article:modified_time\" content=\"2021-02-02T22:31:53+00:00\" \/>\n<meta name=\"author\" content=\"Cam Turnbull\" \/>\n<meta name=\"twitter:card\" content=\"summary_large_image\" \/>\n<meta name=\"twitter:label1\" content=\"\u00c9crit par\" \/>\n\t<meta name=\"twitter:data1\" content=\"Cam Turnbull\" \/>\n<script type=\"application\/ld+json\" class=\"yoast-schema-graph\">{\"@context\":\"https:\/\/schema.org\",\"@graph\":[{\"@type\":\"WebPage\",\"@id\":\"https:\/\/www.cleo.on.ca\/fr\/nouveautes\/nouveaux-renseignements-sur-le-droit-de-la-sante-mentale\",\"url\":\"https:\/\/www.cleo.on.ca\/fr\/nouveautes\/nouveaux-renseignements-sur-le-droit-de-la-sante-mentale\",\"name\":\"Nouveaux renseignements sur le droit de la sant\u00e9 mentale - CLEO (Community Legal Education Ontario \/ \u00c9ducation juridique communautaire Ontario)\",\"isPartOf\":{\"@id\":\"https:\/\/www.cleo.on.ca\/fr#website\"},\"datePublished\":\"-0001-11-30T00:00:00+00:00\",\"dateModified\":\"2021-02-02T22:31:53+00:00\",\"author\":{\"@id\":\"https:\/\/www.cleo.on.ca\/fr#\/schema\/person\/0010deca46134736536b77f20a00421b\"},\"breadcrumb\":{\"@id\":\"https:\/\/www.cleo.on.ca\/fr\/nouveautes\/nouveaux-renseignements-sur-le-droit-de-la-sante-mentale#breadcrumb\"},\"inLanguage\":\"fr-FR\",\"potentialAction\":[{\"@type\":\"ReadAction\",\"target\":[\"https:\/\/www.cleo.on.ca\/fr\/nouveautes\/nouveaux-renseignements-sur-le-droit-de-la-sante-mentale\"]}]},{\"@type\":\"BreadcrumbList\",\"@id\":\"https:\/\/www.cleo.on.ca\/fr\/nouveautes\/nouveaux-renseignements-sur-le-droit-de-la-sante-mentale#breadcrumb\",\"itemListElement\":[{\"@type\":\"ListItem\",\"position\":1,\"name\":\"Home\",\"item\":\"https:\/\/www.cleo.on.ca\/fr\/accueil-2\"},{\"@type\":\"ListItem\",\"position\":2,\"name\":\"Nouveaux renseignements sur le droit de la sant\u00e9 mentale\"}]},{\"@type\":\"WebSite\",\"@id\":\"https:\/\/www.cleo.on.ca\/fr#website\",\"url\":\"https:\/\/www.cleo.on.ca\/fr\",\"name\":\"CLEO (Community Legal Education Ontario \/ \u00c9ducation juridique communautaire Ontario)\",\"description\":\"\",\"potentialAction\":[{\"@type\":\"SearchAction\",\"target\":{\"@type\":\"EntryPoint\",\"urlTemplate\":\"https:\/\/www.cleo.on.ca\/fr?s={search_term_string}\"},\"query-input\":{\"@type\":\"PropertyValueSpecification\",\"valueRequired\":true,\"valueName\":\"search_term_string\"}}],\"inLanguage\":\"fr-FR\"},{\"@type\":\"Person\",\"@id\":\"https:\/\/www.cleo.on.ca\/fr#\/schema\/person\/0010deca46134736536b77f20a00421b\",\"name\":\"Cam Turnbull\",\"sameAs\":[\"http:\/\/www.turnbull.co\"]}]}<\/script>\n<!-- \/ Yoast SEO plugin. -->","yoast_head_json":{"title":"Nouveaux renseignements sur le droit de la sant\u00e9 mentale - CLEO (Community Legal Education Ontario \/ \u00c9ducation juridique communautaire Ontario)","robots":{"index":"index","follow":"follow","max-snippet":"max-snippet:-1","max-image-preview":"max-image-preview:large","max-video-preview":"max-video-preview:-1"},"canonical":"https:\/\/www.cleo.on.ca\/fr\/nouveautes\/nouveaux-renseignements-sur-le-droit-de-la-sante-mentale","og_locale":"fr_FR","og_type":"article","og_title":"Nouveaux renseignements sur le droit de la sant\u00e9 mentale - CLEO (Community Legal Education Ontario \/ \u00c9ducation juridique communautaire Ontario)","og_description":"Justice pas-\u00e0-pas propose un nouveau contenu sur le droit relatif \u00e0 la sant\u00e9 mentale, y compris des renseignements relatifs au droit d&rsquo;une personne malade de : consulter et de prot\u00e9ger les informations contenues dans son dossier m\u00e9dical; d\u00e9cider si elle veut recevoir des soins; quitter un \u00e9tablissement psychiatrique;","og_url":"https:\/\/www.cleo.on.ca\/fr\/nouveautes\/nouveaux-renseignements-sur-le-droit-de-la-sante-mentale","og_site_name":"CLEO (Community Legal Education Ontario \/ \u00c9ducation juridique communautaire Ontario)","article_published_time":"-0001-11-30T00:00:00+00:00","article_modified_time":"2021-02-02T22:31:53+00:00","author":"Cam Turnbull","twitter_card":"summary_large_image","twitter_misc":{"\u00c9crit par":"Cam Turnbull"},"schema":{"@context":"https:\/\/schema.org","@graph":[{"@type":"WebPage","@id":"https:\/\/www.cleo.on.ca\/fr\/nouveautes\/nouveaux-renseignements-sur-le-droit-de-la-sante-mentale","url":"https:\/\/www.cleo.on.ca\/fr\/nouveautes\/nouveaux-renseignements-sur-le-droit-de-la-sante-mentale","name":"Nouveaux renseignements sur le droit de la sant\u00e9 mentale - CLEO (Community Legal Education Ontario \/ \u00c9ducation juridique communautaire Ontario)","isPartOf":{"@id":"https:\/\/www.cleo.on.ca\/fr#website"},"datePublished":"-0001-11-30T00:00:00+00:00","dateModified":"2021-02-02T22:31:53+00:00","author":{"@id":"https:\/\/www.cleo.on.ca\/fr#\/schema\/person\/0010deca46134736536b77f20a00421b"},"breadcrumb":{"@id":"https:\/\/www.cleo.on.ca\/fr\/nouveautes\/nouveaux-renseignements-sur-le-droit-de-la-sante-mentale#breadcrumb"},"inLanguage":"fr-FR","potentialAction":[{"@type":"ReadAction","target":["https:\/\/www.cleo.on.ca\/fr\/nouveautes\/nouveaux-renseignements-sur-le-droit-de-la-sante-mentale"]}]},{"@type":"BreadcrumbList","@id":"https:\/\/www.cleo.on.ca\/fr\/nouveautes\/nouveaux-renseignements-sur-le-droit-de-la-sante-mentale#breadcrumb","itemListElement":[{"@type":"ListItem","position":1,"name":"Home","item":"https:\/\/www.cleo.on.ca\/fr\/accueil-2"},{"@type":"ListItem","position":2,"name":"Nouveaux renseignements sur le droit de la sant\u00e9 mentale"}]},{"@type":"WebSite","@id":"https:\/\/www.cleo.on.ca\/fr#website","url":"https:\/\/www.cleo.on.ca\/fr","name":"CLEO (Community Legal Education Ontario \/ \u00c9ducation juridique communautaire Ontario)","description":"","potentialAction":[{"@type":"SearchAction","target":{"@type":"EntryPoint","urlTemplate":"https:\/\/www.cleo.on.ca\/fr?s={search_term_string}"},"query-input":{"@type":"PropertyValueSpecification","valueRequired":true,"valueName":"search_term_string"}}],"inLanguage":"fr-FR"},{"@type":"Person","@id":"https:\/\/www.cleo.on.ca\/fr#\/schema\/person\/0010deca46134736536b77f20a00421b","name":"Cam Turnbull","sameAs":["http:\/\/www.turnbull.co"]}]}},"meta_box":{"blog_image_type":"","external_url":"","do_not_show_on_homepage":""},"_links":{"self":[{"href":"https:\/\/www.cleo.on.ca\/fr\/wp-json\/wp\/v2\/post\/48841","targetHints":{"allow":["GET"]}}],"collection":[{"href":"https:\/\/www.cleo.on.ca\/fr\/wp-json\/wp\/v2\/post"}],"about":[{"href":"https:\/\/www.cleo.on.ca\/fr\/wp-json\/wp\/v2\/types\/post"}],"author":[{"embeddable":true,"href":"https:\/\/www.cleo.on.ca\/fr\/wp-json\/wp\/v2\/users\/3"}],"replies":[{"embeddable":true,"href":"https:\/\/www.cleo.on.ca\/fr\/wp-json\/wp\/v2\/comments?post=48841"}],"version-history":[{"count":0,"href":"https:\/\/www.cleo.on.ca\/fr\/wp-json\/wp\/v2\/post\/48841\/revisions"}],"wp:attachment":[{"href":"https:\/\/www.cleo.on.ca\/fr\/wp-json\/wp\/v2\/media?parent=48841"}],"wp:term":[{"taxonomy":"category","embeddable":true,"href":"https:\/\/www.cleo.on.ca\/fr\/wp-json\/wp\/v2\/categories?post=48841"},{"taxonomy":"post_tag","embeddable":true,"href":"https:\/\/www.cleo.on.ca\/fr\/wp-json\/wp\/v2\/tags?post=48841"}],"curies":[{"name":"wp","href":"https:\/\/api.w.org\/{rel}","templated":true}]}}