{"id":48871,"date":"2020-06-22T19:01:45","date_gmt":"2020-06-22T23:01:45","guid":{"rendered":""},"modified":"2020-06-22T19:03:33","modified_gmt":"2020-06-22T19:03:33","slug":"declaration-de-cleo-contre-le-racisme-systemique","status":"publish","type":"post","link":"https:\/\/www.cleo.on.ca\/fr\/nouveautes\/declaration-de-cleo-contre-le-racisme-systemique","title":{"rendered":"D\u00e9claration de CLEO contre le  racisme syst\u00e9mique"},"content":{"rendered":"<p><p>CLEO soutient les communaut\u00e9s noires, les peuples autochtones et les personnes de couleur dans la lutte contre le racisme syst\u00e9mique. \u00c0 CLEO, nous \u00e9laborons un plan d&rsquo;action, que nous partagerons, pour faire avancer notre travail, pour encourager et pour contribuer au changement syst\u00e9mique tant d\u00e9sir\u00e9 dans l&rsquo;ensemble du syst\u00e8me de justice. Nous pensons qu&rsquo;un v\u00e9ritable acc\u00e8s \u00e0 la justice ne sera pas possible tant que le racisme syst\u00e9mique ne rel\u00e8vera pas du pass\u00e9.<\/p><\/p>\n","protected":false},"excerpt":{"rendered":"<p>CLEO soutient les communaut\u00e9s noires, les peuples autochtones et les personnes de couleur dans la lutte contre le racisme syst\u00e9mique. \u00c0 CLEO, nous \u00e9laborons un plan d&rsquo;action, que nous partagerons, pour faire avancer notre travail, pour encourager et pour contribuer au changement syst\u00e9mique tant d\u00e9sir\u00e9 dans l&rsquo;ensemble du syst\u00e8me de justice.<\/p>\n","protected":false},"author":3,"featured_media":0,"comment_status":"open","ping_status":"open","sticky":false,"template":"","format":"standard","meta":{"ub_ctt_via":"","inline_featured_image":false,"footnotes":""},"categories":[1246],"tags":[],"class_list":["post-48871","post","type-post","status-publish","format-standard","hentry","category-cleo-news"],"featured_image_src":null,"author_info":{"display_name":"Cam Turnbull","author_link":"https:\/\/www.cleo.on.ca\/fr\/author\/turnbullco2"},"yoast_head":"<!-- This site is optimized with the Yoast SEO plugin v25.2 - https:\/\/yoast.com\/wordpress\/plugins\/seo\/ -->\n<title>D\u00e9claration de CLEO contre le racisme syst\u00e9mique - CLEO (Community Legal Education Ontario \/ \u00c9ducation juridique communautaire Ontario)<\/title>\n<meta name=\"robots\" content=\"index, follow, max-snippet:-1, max-image-preview:large, max-video-preview:-1\" \/>\n<link rel=\"canonical\" href=\"https:\/\/www.cleo.on.ca\/fr\/nouveautes\/declaration-de-cleo-contre-le-racisme-systemique\" \/>\n<meta property=\"og:locale\" content=\"fr_FR\" \/>\n<meta property=\"og:type\" content=\"article\" \/>\n<meta property=\"og:title\" content=\"D\u00e9claration de CLEO contre le racisme syst\u00e9mique - CLEO (Community Legal Education Ontario \/ \u00c9ducation juridique communautaire Ontario)\" \/>\n<meta property=\"og:description\" content=\"CLEO soutient les communaut\u00e9s noires, les peuples autochtones et les personnes de couleur dans la lutte contre le racisme syst\u00e9mique. \u00c0 CLEO, nous \u00e9laborons un plan d&rsquo;action, que nous partagerons, pour faire avancer notre travail, pour encourager et pour contribuer au changement syst\u00e9mique tant d\u00e9sir\u00e9 dans l&rsquo;ensemble du syst\u00e8me de justice.\" \/>\n<meta property=\"og:url\" content=\"https:\/\/www.cleo.on.ca\/fr\/nouveautes\/declaration-de-cleo-contre-le-racisme-systemique\" \/>\n<meta property=\"og:site_name\" content=\"CLEO (Community Legal Education Ontario \/ \u00c9ducation juridique communautaire Ontario)\" \/>\n<meta property=\"article:published_time\" content=\"-0001-11-30T00:00:00+00:00\" \/>\n<meta property=\"article:modified_time\" content=\"2020-06-22T19:03:33+00:00\" \/>\n<meta name=\"author\" content=\"Cam Turnbull\" \/>\n<meta name=\"twitter:card\" content=\"summary_large_image\" \/>\n<meta name=\"twitter:label1\" content=\"\u00c9crit par\" \/>\n\t<meta name=\"twitter:data1\" content=\"Cam Turnbull\" \/>\n<script type=\"application\/ld+json\" class=\"yoast-schema-graph\">{\"@context\":\"https:\/\/schema.org\",\"@graph\":[{\"@type\":\"WebPage\",\"@id\":\"https:\/\/www.cleo.on.ca\/fr\/nouveautes\/declaration-de-cleo-contre-le-racisme-systemique\",\"url\":\"https:\/\/www.cleo.on.ca\/fr\/nouveautes\/declaration-de-cleo-contre-le-racisme-systemique\",\"name\":\"D\u00e9claration de CLEO contre le racisme syst\u00e9mique - CLEO (Community Legal Education Ontario \/ \u00c9ducation juridique communautaire Ontario)\",\"isPartOf\":{\"@id\":\"https:\/\/www.cleo.on.ca\/fr#website\"},\"datePublished\":\"-0001-11-30T00:00:00+00:00\",\"dateModified\":\"2020-06-22T19:03:33+00:00\",\"author\":{\"@id\":\"https:\/\/www.cleo.on.ca\/fr#\/schema\/person\/0010deca46134736536b77f20a00421b\"},\"breadcrumb\":{\"@id\":\"https:\/\/www.cleo.on.ca\/fr\/nouveautes\/declaration-de-cleo-contre-le-racisme-systemique#breadcrumb\"},\"inLanguage\":\"fr-FR\",\"potentialAction\":[{\"@type\":\"ReadAction\",\"target\":[\"https:\/\/www.cleo.on.ca\/fr\/nouveautes\/declaration-de-cleo-contre-le-racisme-systemique\"]}]},{\"@type\":\"BreadcrumbList\",\"@id\":\"https:\/\/www.cleo.on.ca\/fr\/nouveautes\/declaration-de-cleo-contre-le-racisme-systemique#breadcrumb\",\"itemListElement\":[{\"@type\":\"ListItem\",\"position\":1,\"name\":\"Home\",\"item\":\"https:\/\/www.cleo.on.ca\/fr\/accueil-2\"},{\"@type\":\"ListItem\",\"position\":2,\"name\":\"D\u00e9claration de CLEO contre le racisme syst\u00e9mique\"}]},{\"@type\":\"WebSite\",\"@id\":\"https:\/\/www.cleo.on.ca\/fr#website\",\"url\":\"https:\/\/www.cleo.on.ca\/fr\",\"name\":\"CLEO (Community Legal Education Ontario \/ \u00c9ducation juridique communautaire Ontario)\",\"description\":\"\",\"potentialAction\":[{\"@type\":\"SearchAction\",\"target\":{\"@type\":\"EntryPoint\",\"urlTemplate\":\"https:\/\/www.cleo.on.ca\/fr?s={search_term_string}\"},\"query-input\":{\"@type\":\"PropertyValueSpecification\",\"valueRequired\":true,\"valueName\":\"search_term_string\"}}],\"inLanguage\":\"fr-FR\"},{\"@type\":\"Person\",\"@id\":\"https:\/\/www.cleo.on.ca\/fr#\/schema\/person\/0010deca46134736536b77f20a00421b\",\"name\":\"Cam Turnbull\",\"sameAs\":[\"http:\/\/www.turnbull.co\"]}]}<\/script>\n<!-- \/ Yoast SEO plugin. -->","yoast_head_json":{"title":"D\u00e9claration de CLEO contre le racisme syst\u00e9mique - CLEO (Community Legal Education Ontario \/ \u00c9ducation juridique communautaire Ontario)","robots":{"index":"index","follow":"follow","max-snippet":"max-snippet:-1","max-image-preview":"max-image-preview:large","max-video-preview":"max-video-preview:-1"},"canonical":"https:\/\/www.cleo.on.ca\/fr\/nouveautes\/declaration-de-cleo-contre-le-racisme-systemique","og_locale":"fr_FR","og_type":"article","og_title":"D\u00e9claration de CLEO contre le racisme syst\u00e9mique - CLEO (Community Legal Education Ontario \/ \u00c9ducation juridique communautaire Ontario)","og_description":"CLEO soutient les communaut\u00e9s noires, les peuples autochtones et les personnes de couleur dans la lutte contre le racisme syst\u00e9mique. \u00c0 CLEO, nous \u00e9laborons un plan d&rsquo;action, que nous partagerons, pour faire avancer notre travail, pour encourager et pour contribuer au changement syst\u00e9mique tant d\u00e9sir\u00e9 dans l&rsquo;ensemble du syst\u00e8me de justice.","og_url":"https:\/\/www.cleo.on.ca\/fr\/nouveautes\/declaration-de-cleo-contre-le-racisme-systemique","og_site_name":"CLEO (Community Legal Education Ontario \/ \u00c9ducation juridique communautaire Ontario)","article_published_time":"-0001-11-30T00:00:00+00:00","article_modified_time":"2020-06-22T19:03:33+00:00","author":"Cam Turnbull","twitter_card":"summary_large_image","twitter_misc":{"\u00c9crit par":"Cam Turnbull"},"schema":{"@context":"https:\/\/schema.org","@graph":[{"@type":"WebPage","@id":"https:\/\/www.cleo.on.ca\/fr\/nouveautes\/declaration-de-cleo-contre-le-racisme-systemique","url":"https:\/\/www.cleo.on.ca\/fr\/nouveautes\/declaration-de-cleo-contre-le-racisme-systemique","name":"D\u00e9claration de CLEO contre le racisme syst\u00e9mique - CLEO (Community Legal Education Ontario \/ \u00c9ducation juridique communautaire Ontario)","isPartOf":{"@id":"https:\/\/www.cleo.on.ca\/fr#website"},"datePublished":"-0001-11-30T00:00:00+00:00","dateModified":"2020-06-22T19:03:33+00:00","author":{"@id":"https:\/\/www.cleo.on.ca\/fr#\/schema\/person\/0010deca46134736536b77f20a00421b"},"breadcrumb":{"@id":"https:\/\/www.cleo.on.ca\/fr\/nouveautes\/declaration-de-cleo-contre-le-racisme-systemique#breadcrumb"},"inLanguage":"fr-FR","potentialAction":[{"@type":"ReadAction","target":["https:\/\/www.cleo.on.ca\/fr\/nouveautes\/declaration-de-cleo-contre-le-racisme-systemique"]}]},{"@type":"BreadcrumbList","@id":"https:\/\/www.cleo.on.ca\/fr\/nouveautes\/declaration-de-cleo-contre-le-racisme-systemique#breadcrumb","itemListElement":[{"@type":"ListItem","position":1,"name":"Home","item":"https:\/\/www.cleo.on.ca\/fr\/accueil-2"},{"@type":"ListItem","position":2,"name":"D\u00e9claration de CLEO contre le racisme syst\u00e9mique"}]},{"@type":"WebSite","@id":"https:\/\/www.cleo.on.ca\/fr#website","url":"https:\/\/www.cleo.on.ca\/fr","name":"CLEO (Community Legal Education Ontario \/ \u00c9ducation juridique communautaire Ontario)","description":"","potentialAction":[{"@type":"SearchAction","target":{"@type":"EntryPoint","urlTemplate":"https:\/\/www.cleo.on.ca\/fr?s={search_term_string}"},"query-input":{"@type":"PropertyValueSpecification","valueRequired":true,"valueName":"search_term_string"}}],"inLanguage":"fr-FR"},{"@type":"Person","@id":"https:\/\/www.cleo.on.ca\/fr#\/schema\/person\/0010deca46134736536b77f20a00421b","name":"Cam Turnbull","sameAs":["http:\/\/www.turnbull.co"]}]}},"meta_box":{"blog_image_type":"","external_url":"","do_not_show_on_homepage":""},"_links":{"self":[{"href":"https:\/\/www.cleo.on.ca\/fr\/wp-json\/wp\/v2\/post\/48871","targetHints":{"allow":["GET"]}}],"collection":[{"href":"https:\/\/www.cleo.on.ca\/fr\/wp-json\/wp\/v2\/post"}],"about":[{"href":"https:\/\/www.cleo.on.ca\/fr\/wp-json\/wp\/v2\/types\/post"}],"author":[{"embeddable":true,"href":"https:\/\/www.cleo.on.ca\/fr\/wp-json\/wp\/v2\/users\/3"}],"replies":[{"embeddable":true,"href":"https:\/\/www.cleo.on.ca\/fr\/wp-json\/wp\/v2\/comments?post=48871"}],"version-history":[{"count":0,"href":"https:\/\/www.cleo.on.ca\/fr\/wp-json\/wp\/v2\/post\/48871\/revisions"}],"wp:attachment":[{"href":"https:\/\/www.cleo.on.ca\/fr\/wp-json\/wp\/v2\/media?parent=48871"}],"wp:term":[{"taxonomy":"category","embeddable":true,"href":"https:\/\/www.cleo.on.ca\/fr\/wp-json\/wp\/v2\/categories?post=48871"},{"taxonomy":"post_tag","embeddable":true,"href":"https:\/\/www.cleo.on.ca\/fr\/wp-json\/wp\/v2\/tags?post=48871"}],"curies":[{"name":"wp","href":"https:\/\/api.w.org\/{rel}","templated":true}]}}