{"id":48874,"date":"2020-09-11T17:20:47","date_gmt":"2020-09-11T21:20:47","guid":{"rendered":""},"modified":"2020-09-11T17:20:47","modified_gmt":"2020-09-11T17:20:47","slug":"radar-retourner-au-travail-pendant-le-covid-19","status":"publish","type":"post","link":"https:\/\/www.cleo.on.ca\/fr\/nouveautes\/radar-retourner-au-travail-pendant-le-covid-19","title":{"rendered":"On the Radar &#8211; Retourner au travail pendant le COVID-19"},"content":{"rendered":"<p>Maintenant que la majeure partie de l&rsquo;Ontario est \u00e0 l&rsquo;<a href=\"https:\/\/www.ontario.ca\/fr\/page\/un-cadre-visant-le-deconfinement-de-la-province-etape-3\" target=\"-blank\">\u00e9tape 3 du d\u00e9confinement<\/a>, de nombreuses personnes sont retourn\u00e9es au travail et d&rsquo;autres sont invit\u00e9es \u00e0 le faire.<\/p>\n<p><p>Ce mois-ci, <a href=\"https:\/\/mailchi.mp\/cleo.on.ca\/on-the-radar-going-back-to-work-during-covid-19\" target=\"_blank\">On the Radar<\/a> examine certains des probl\u00e8mes juridiques auxquels les travailleuses et travailleurs sont confront\u00e9s lorsqu&rsquo;ils retournent au travail. (seulement en anglais)<\/p>\n","protected":false},"excerpt":{"rendered":"<p>Maintenant que la majeure partie de l&rsquo;Ontario est \u00e0 l&rsquo;<a href=\"https:\/\/www.ontario.ca\/fr\/page\/un-cadre-visant-le-deconfinement-de-la-province-etape-3\" target=\"-blank\">\u00e9tape 3 du d\u00e9confinement<\/a>, de nombreuses personnes sont retourn\u00e9es au travail et d&rsquo;autres sont invit\u00e9es \u00e0 le faire.<br \/>\nCe mois-ci, <a href=\"https:\/\/mailchi.mp\/cleo.on.ca\/on-the-radar-going-back-to-work-during-covid-19\" target=\"_blank\">On the Radar<\/a> examine certains des probl\u00e8mes juridiques auxquels les travailleuses et travailleurs sont confront\u00e9s lorsqu&rsquo;ils retournent au travail.<\/p>\n","protected":false},"author":3,"featured_media":0,"comment_status":"open","ping_status":"open","sticky":false,"template":"","format":"standard","meta":{"ub_ctt_via":"","inline_featured_image":false,"footnotes":""},"categories":[1248],"tags":[],"class_list":["post-48874","post","type-post","status-publish","format-standard","hentry","category-on-the-radar"],"featured_image_src":null,"author_info":{"display_name":"Cam Turnbull","author_link":"https:\/\/www.cleo.on.ca\/fr\/author\/turnbullco2"},"yoast_head":"<!-- This site is optimized with the Yoast SEO plugin v25.2 - https:\/\/yoast.com\/wordpress\/plugins\/seo\/ -->\n<title>On the Radar - Retourner au travail pendant le COVID-19 - CLEO (Community Legal Education Ontario \/ \u00c9ducation juridique communautaire Ontario)<\/title>\n<meta name=\"robots\" content=\"index, follow, max-snippet:-1, max-image-preview:large, max-video-preview:-1\" \/>\n<link rel=\"canonical\" href=\"https:\/\/www.cleo.on.ca\/fr\/nouveautes\/radar-retourner-au-travail-pendant-le-covid-19\" \/>\n<meta property=\"og:locale\" content=\"fr_FR\" \/>\n<meta property=\"og:type\" content=\"article\" \/>\n<meta property=\"og:title\" content=\"On the Radar - Retourner au travail pendant le COVID-19 - CLEO (Community Legal Education Ontario \/ \u00c9ducation juridique communautaire Ontario)\" \/>\n<meta property=\"og:description\" content=\"Maintenant que la majeure partie de l&rsquo;Ontario est \u00e0 l&rsquo;\u00e9tape 3 du d\u00e9confinement, de nombreuses personnes sont retourn\u00e9es au travail et d&rsquo;autres sont invit\u00e9es \u00e0 le faire. Ce mois-ci, On the Radar examine certains des probl\u00e8mes juridiques auxquels les travailleuses et travailleurs sont confront\u00e9s lorsqu&rsquo;ils retournent au travail.\" \/>\n<meta property=\"og:url\" content=\"https:\/\/www.cleo.on.ca\/fr\/nouveautes\/radar-retourner-au-travail-pendant-le-covid-19\" \/>\n<meta property=\"og:site_name\" content=\"CLEO (Community Legal Education Ontario \/ \u00c9ducation juridique communautaire Ontario)\" \/>\n<meta property=\"article:published_time\" content=\"-0001-11-30T00:00:00+00:00\" \/>\n<meta property=\"article:modified_time\" content=\"2020-09-11T17:20:47+00:00\" \/>\n<meta name=\"author\" content=\"Cam Turnbull\" \/>\n<meta name=\"twitter:card\" content=\"summary_large_image\" \/>\n<meta name=\"twitter:label1\" content=\"\u00c9crit par\" \/>\n\t<meta name=\"twitter:data1\" content=\"Cam Turnbull\" \/>\n<script type=\"application\/ld+json\" class=\"yoast-schema-graph\">{\"@context\":\"https:\/\/schema.org\",\"@graph\":[{\"@type\":\"WebPage\",\"@id\":\"https:\/\/www.cleo.on.ca\/fr\/nouveautes\/radar-retourner-au-travail-pendant-le-covid-19\",\"url\":\"https:\/\/www.cleo.on.ca\/fr\/nouveautes\/radar-retourner-au-travail-pendant-le-covid-19\",\"name\":\"On the Radar - Retourner au travail pendant le COVID-19 - CLEO (Community Legal Education Ontario \/ \u00c9ducation juridique communautaire Ontario)\",\"isPartOf\":{\"@id\":\"https:\/\/www.cleo.on.ca\/fr#website\"},\"datePublished\":\"-0001-11-30T00:00:00+00:00\",\"dateModified\":\"2020-09-11T17:20:47+00:00\",\"author\":{\"@id\":\"https:\/\/www.cleo.on.ca\/fr#\/schema\/person\/0010deca46134736536b77f20a00421b\"},\"breadcrumb\":{\"@id\":\"https:\/\/www.cleo.on.ca\/fr\/nouveautes\/radar-retourner-au-travail-pendant-le-covid-19#breadcrumb\"},\"inLanguage\":\"fr-FR\",\"potentialAction\":[{\"@type\":\"ReadAction\",\"target\":[\"https:\/\/www.cleo.on.ca\/fr\/nouveautes\/radar-retourner-au-travail-pendant-le-covid-19\"]}]},{\"@type\":\"BreadcrumbList\",\"@id\":\"https:\/\/www.cleo.on.ca\/fr\/nouveautes\/radar-retourner-au-travail-pendant-le-covid-19#breadcrumb\",\"itemListElement\":[{\"@type\":\"ListItem\",\"position\":1,\"name\":\"Home\",\"item\":\"https:\/\/www.cleo.on.ca\/fr\/accueil-2\"},{\"@type\":\"ListItem\",\"position\":2,\"name\":\"On the Radar &#8211; Retourner au travail pendant le COVID-19\"}]},{\"@type\":\"WebSite\",\"@id\":\"https:\/\/www.cleo.on.ca\/fr#website\",\"url\":\"https:\/\/www.cleo.on.ca\/fr\",\"name\":\"CLEO (Community Legal Education Ontario \/ \u00c9ducation juridique communautaire Ontario)\",\"description\":\"\",\"potentialAction\":[{\"@type\":\"SearchAction\",\"target\":{\"@type\":\"EntryPoint\",\"urlTemplate\":\"https:\/\/www.cleo.on.ca\/fr?s={search_term_string}\"},\"query-input\":{\"@type\":\"PropertyValueSpecification\",\"valueRequired\":true,\"valueName\":\"search_term_string\"}}],\"inLanguage\":\"fr-FR\"},{\"@type\":\"Person\",\"@id\":\"https:\/\/www.cleo.on.ca\/fr#\/schema\/person\/0010deca46134736536b77f20a00421b\",\"name\":\"Cam Turnbull\",\"sameAs\":[\"http:\/\/www.turnbull.co\"]}]}<\/script>\n<!-- \/ Yoast SEO plugin. -->","yoast_head_json":{"title":"On the Radar - Retourner au travail pendant le COVID-19 - CLEO (Community Legal Education Ontario \/ \u00c9ducation juridique communautaire Ontario)","robots":{"index":"index","follow":"follow","max-snippet":"max-snippet:-1","max-image-preview":"max-image-preview:large","max-video-preview":"max-video-preview:-1"},"canonical":"https:\/\/www.cleo.on.ca\/fr\/nouveautes\/radar-retourner-au-travail-pendant-le-covid-19","og_locale":"fr_FR","og_type":"article","og_title":"On the Radar - Retourner au travail pendant le COVID-19 - CLEO (Community Legal Education Ontario \/ \u00c9ducation juridique communautaire Ontario)","og_description":"Maintenant que la majeure partie de l&rsquo;Ontario est \u00e0 l&rsquo;\u00e9tape 3 du d\u00e9confinement, de nombreuses personnes sont retourn\u00e9es au travail et d&rsquo;autres sont invit\u00e9es \u00e0 le faire. Ce mois-ci, On the Radar examine certains des probl\u00e8mes juridiques auxquels les travailleuses et travailleurs sont confront\u00e9s lorsqu&rsquo;ils retournent au travail.","og_url":"https:\/\/www.cleo.on.ca\/fr\/nouveautes\/radar-retourner-au-travail-pendant-le-covid-19","og_site_name":"CLEO (Community Legal Education Ontario \/ \u00c9ducation juridique communautaire Ontario)","article_published_time":"-0001-11-30T00:00:00+00:00","article_modified_time":"2020-09-11T17:20:47+00:00","author":"Cam Turnbull","twitter_card":"summary_large_image","twitter_misc":{"\u00c9crit par":"Cam Turnbull"},"schema":{"@context":"https:\/\/schema.org","@graph":[{"@type":"WebPage","@id":"https:\/\/www.cleo.on.ca\/fr\/nouveautes\/radar-retourner-au-travail-pendant-le-covid-19","url":"https:\/\/www.cleo.on.ca\/fr\/nouveautes\/radar-retourner-au-travail-pendant-le-covid-19","name":"On the Radar - Retourner au travail pendant le COVID-19 - CLEO (Community Legal Education Ontario \/ \u00c9ducation juridique communautaire Ontario)","isPartOf":{"@id":"https:\/\/www.cleo.on.ca\/fr#website"},"datePublished":"-0001-11-30T00:00:00+00:00","dateModified":"2020-09-11T17:20:47+00:00","author":{"@id":"https:\/\/www.cleo.on.ca\/fr#\/schema\/person\/0010deca46134736536b77f20a00421b"},"breadcrumb":{"@id":"https:\/\/www.cleo.on.ca\/fr\/nouveautes\/radar-retourner-au-travail-pendant-le-covid-19#breadcrumb"},"inLanguage":"fr-FR","potentialAction":[{"@type":"ReadAction","target":["https:\/\/www.cleo.on.ca\/fr\/nouveautes\/radar-retourner-au-travail-pendant-le-covid-19"]}]},{"@type":"BreadcrumbList","@id":"https:\/\/www.cleo.on.ca\/fr\/nouveautes\/radar-retourner-au-travail-pendant-le-covid-19#breadcrumb","itemListElement":[{"@type":"ListItem","position":1,"name":"Home","item":"https:\/\/www.cleo.on.ca\/fr\/accueil-2"},{"@type":"ListItem","position":2,"name":"On the Radar &#8211; Retourner au travail pendant le COVID-19"}]},{"@type":"WebSite","@id":"https:\/\/www.cleo.on.ca\/fr#website","url":"https:\/\/www.cleo.on.ca\/fr","name":"CLEO (Community Legal Education Ontario \/ \u00c9ducation juridique communautaire Ontario)","description":"","potentialAction":[{"@type":"SearchAction","target":{"@type":"EntryPoint","urlTemplate":"https:\/\/www.cleo.on.ca\/fr?s={search_term_string}"},"query-input":{"@type":"PropertyValueSpecification","valueRequired":true,"valueName":"search_term_string"}}],"inLanguage":"fr-FR"},{"@type":"Person","@id":"https:\/\/www.cleo.on.ca\/fr#\/schema\/person\/0010deca46134736536b77f20a00421b","name":"Cam Turnbull","sameAs":["http:\/\/www.turnbull.co"]}]}},"meta_box":{"blog_image_type":"","external_url":"","do_not_show_on_homepage":""},"_links":{"self":[{"href":"https:\/\/www.cleo.on.ca\/fr\/wp-json\/wp\/v2\/post\/48874","targetHints":{"allow":["GET"]}}],"collection":[{"href":"https:\/\/www.cleo.on.ca\/fr\/wp-json\/wp\/v2\/post"}],"about":[{"href":"https:\/\/www.cleo.on.ca\/fr\/wp-json\/wp\/v2\/types\/post"}],"author":[{"embeddable":true,"href":"https:\/\/www.cleo.on.ca\/fr\/wp-json\/wp\/v2\/users\/3"}],"replies":[{"embeddable":true,"href":"https:\/\/www.cleo.on.ca\/fr\/wp-json\/wp\/v2\/comments?post=48874"}],"version-history":[{"count":0,"href":"https:\/\/www.cleo.on.ca\/fr\/wp-json\/wp\/v2\/post\/48874\/revisions"}],"wp:attachment":[{"href":"https:\/\/www.cleo.on.ca\/fr\/wp-json\/wp\/v2\/media?parent=48874"}],"wp:term":[{"taxonomy":"category","embeddable":true,"href":"https:\/\/www.cleo.on.ca\/fr\/wp-json\/wp\/v2\/categories?post=48874"},{"taxonomy":"post_tag","embeddable":true,"href":"https:\/\/www.cleo.on.ca\/fr\/wp-json\/wp\/v2\/tags?post=48874"}],"curies":[{"name":"wp","href":"https:\/\/api.w.org\/{rel}","templated":true}]}}